{"id":2957,"date":"2023-10-26T11:06:44","date_gmt":"2023-10-26T11:06:44","guid":{"rendered":"https:\/\/sos-lipoedema.pl\/?p=2957"},"modified":"2024-08-29T11:17:15","modified_gmt":"2024-08-29T11:17:15","slug":"sibo-imo-lipoedema-hiperinsulinizm-poznaj-historie-jednej-z-pacjentek","status":"publish","type":"post","link":"https:\/\/sos-lipoedema.pl\/?p=2957","title":{"rendered":"SIBO, lipoedema, hiperinsulinizm &#8211; poznaj histori\u00c4\u2122 jednej z pacjentek!"},"content":{"rendered":"\t\t<div data-elementor-type=\"wp-post\" data-elementor-id=\"2957\" class=\"elementor elementor-2957\" data-elementor-post-type=\"post\">\n\t\t\t\t\t\t<section class=\"elementor-section elementor-top-section elementor-element elementor-element-75fe927 elementor-section-boxed elementor-section-height-default elementor-section-height-default\" data-id=\"75fe927\" data-element_type=\"section\" data-e-type=\"section\">\n\t\t\t\t\t\t<div class=\"elementor-container elementor-column-gap-default\">\n\t\t\t\t\t<div class=\"elementor-column elementor-col-100 elementor-top-column elementor-element elementor-element-49d3cb9\" data-id=\"49d3cb9\" data-element_type=\"column\" data-e-type=\"column\">\n\t\t\t<div class=\"elementor-widget-wrap elementor-element-populated\">\n\t\t\t\t\t\t<div class=\"elementor-element elementor-element-6668620 elementor-widget elementor-widget-image\" data-id=\"6668620\" data-element_type=\"widget\" data-e-type=\"widget\" data-widget_type=\"image.default\">\n\t\t\t\t<div class=\"elementor-widget-container\">\n\t\t\t\t\t\t\t\t\t\t\t\t\t\t\t<img fetchpriority=\"high\" decoding=\"async\" width=\"1000\" height=\"660\" src=\"https:\/\/sos-lipoedema.pl\/wp-content\/uploads\/2023\/10\/Rola-dietoterapii-w-obrzeku-lipidowym-2.png\" class=\"attachment-large size-large wp-image-2964\" alt=\"\" srcset=\"https:\/\/sos-lipoedema.pl\/wp-content\/uploads\/2023\/10\/Rola-dietoterapii-w-obrzeku-lipidowym-2.png 1000w, https:\/\/sos-lipoedema.pl\/wp-content\/uploads\/2023\/10\/Rola-dietoterapii-w-obrzeku-lipidowym-2-300x198.png 300w, https:\/\/sos-lipoedema.pl\/wp-content\/uploads\/2023\/10\/Rola-dietoterapii-w-obrzeku-lipidowym-2-768x507.png 768w\" sizes=\"(max-width: 1000px) 100vw, 1000px\" \/>\t\t\t\t\t\t\t\t\t\t\t\t\t\t\t<\/div>\n\t\t\t\t<\/div>\n\t\t\t\t<div class=\"elementor-element elementor-element-44438d5 elementor-widget elementor-widget-text-editor\" data-id=\"44438d5\" data-element_type=\"widget\" data-e-type=\"widget\" data-widget_type=\"text-editor.default\">\n\t\t\t\t<div class=\"elementor-widget-container\">\n\t\t\t\t\t\t\t\t\t<p>Pacjentki z obrz\u0119kami to zazwyczaj \u201epacjentki wielochorobowe\u201d. Aby realnie wp\u0142yn\u0105\u0107 na zmniejszenie opornego obrz\u0119ku t\u0142uszczowego oraz powsta\u0142ych komponent limfatycznych musimy zadba\u0107 o ca\u0142okszta\u0142t zdrowia, przywr\u00f3ci\u0107 w organizmie r\u00f3wnowag\u0119 nie tylko hormonaln\u0105.<\/p><p>Dzi\u015b mam dla Was histori\u0119 jednej z Was \u2013 Pani Matyldy, kt\u00f3ra zg\u0142osi\u0142a si\u0119 do mnie jesieni\u0105 2 lata temu z problemem braku spadku masy cia\u0142a mimo odchudzania oraz podejrzeniem celiakii. W trakcie naszej wsp\u00f3\u0142pracy zdiagnozowano u niej: lipoedem\u0119, hiperinsulinizm, SIBO.<\/p><p>Zapraszam do przeczytania historii z perspektywy pacjentki \ud83d\ude0a:<\/p><p><span id=\"docs-internal-guid-1c6300f4-7fff-bb0c-2e31-39263e5de539\"><span style=\"font-size: 11pt; font-family: Arial, sans-serif; color: #000000; background-color: transparent; font-weight: bold; font-variant-numeric: normal; font-variant-east-asian: normal; font-variant-alternates: normal; font-variant-position: normal; vertical-align: baseline; white-space-collapse: preserve;\">Z JAKIMI CHOROBAMI I DOLEGLIWO\u015aCIAMI PACJENT ZG\u0141OSI\u0141 SI\u0118 DO DIETETYKA<\/span><\/span><\/p>\t\t\t\t\t\t\t\t<\/div>\n\t\t\t\t<\/div>\n\t\t\t\t<div class=\"elementor-element elementor-element-fc6d733 elementor-widget elementor-widget-text-editor\" data-id=\"fc6d733\" data-element_type=\"widget\" data-e-type=\"widget\" data-widget_type=\"text-editor.default\">\n\t\t\t\t<div class=\"elementor-widget-container\">\n\t\t\t\t\t\t\t\t\t<p><em><span style=\"font-weight: 400;\">Zg\u0142osi\u0142am si\u0119 w momencie, kiedy czu\u0142am si\u0119 <strong>bardzo przem\u0119czona<\/strong> i niezale\u017cnie od podejmowanych aktywno\u015bci, posiadania takiej samej diety i poziomu aktywno\u015bci, jak w poprzednich latach, ca\u0142y czas przybiera\u0142am na wadze. G\u0142\u00f3wnym objawem zm\u0119czenia by\u0142o przede wszystkim zasypianie w ci\u0105gu dnia. Nawraca\u0142y te\u017c u mnie problemy z <strong>atopowym zapaleniem sk\u00f3ry, b\u00f3le brzucha.<\/strong> W czasie zg\u0142oszenia wiedzia\u0142am tylko o schorzeniach o pod\u0142o\u017cu autoimmunologicznym &#8211; atopowe zapalenie sk\u00f3ry, alergie wziewne oraz ju\u017c zaleczone problemy ze <strong>stanem zapalnym tarczycy.<\/strong> Jednym z aspekt\u00f3w szczeg\u00f3lnie demotywuj\u0105cych w mojej wcze\u015bniejszej dietetycznej przygodzie by\u0142o to, \u017ce deficyty kaloryczne, rygorystycznie przestrzegane na diecie pude\u0142kowej zupe\u0142nie nie dzia\u0142a\u0142y, a wr\u0119cz przeciwnie. <strong>Z ka\u017cdym miesi\u0105cem ros\u0142a te\u017c dysproporcja pomi\u0119dzy doln\u0105, a g\u00f3rn\u0105 cz\u0119\u015bci\u0105 cia\u0142a.<\/strong> Pani Magda skierowa\u0142a mnie na kompleksowe badania krwi oraz wizyt\u0119 u flebologa, w kt\u00f3rych zosta\u0142a stwierdzona <strong>lipoedema oraz hiperinsulinizm.<\/strong> Od razu po wdro\u017ceniu diety zauwa\u017cy\u0142am natychmiastow\u0105 popraw\u0119 w ilo\u015bci energii w ci\u0105gu dnia, ale zmiany pod wzgl\u0119dem sylwetki zachodzi\u0142y powoli. Diet\u0119 w tamtym czasie wspiera\u0142am drena\u017cem. W mi\u0119dzyczasie w zwi\u0105zku z moj\u0105 histori\u0105 w przesz\u0142o\u015bci, kiedy jako dziecko by\u0142am kilka lat na diecie bezglutenowej z <strong>podejrzeniem celiakii<\/strong> i pierwszych wynikach bada\u0144, rozpocz\u0119\u0142y\u015bmy diagnoz\u0119 w kierunku celiakii i wizyt\u0119 u gastrologa, kt\u00f3ry po wywiadzie rozpocz\u0105\u0142 diagnoz\u0119 w kierunku <strong>SIBO<\/strong>. Po antybiotykoterapii, poza ogroooomn\u0105 zmian\u0105 komfortu funkcjonowania, od razu zauwa\u017cy\u0142am popraw\u0119 w jako\u015bci sk\u00f3ry na udach,\u00a0 proporcje sylwetki zacz\u0119\u0142y si\u0119 wyr\u00f3wnywa\u0107. <\/span><\/em><\/p>\t\t\t\t\t\t\t\t<\/div>\n\t\t\t\t<\/div>\n\t\t\t\t\t<\/div>\n\t\t<\/div>\n\t\t\t\t\t<\/div>\n\t\t<\/section>\n\t\t\t\t<section class=\"elementor-section elementor-top-section elementor-element elementor-element-13f6e6e elementor-section-boxed elementor-section-height-default elementor-section-height-default\" data-id=\"13f6e6e\" data-element_type=\"section\" data-e-type=\"section\">\n\t\t\t\t\t\t<div class=\"elementor-container elementor-column-gap-default\">\n\t\t\t\t\t<div class=\"elementor-column elementor-col-100 elementor-top-column elementor-element elementor-element-98c1102\" data-id=\"98c1102\" data-element_type=\"column\" data-e-type=\"column\">\n\t\t\t<div class=\"elementor-widget-wrap elementor-element-populated\">\n\t\t\t\t\t\t<div class=\"elementor-element elementor-element-e0b339a elementor-widget elementor-widget-image\" data-id=\"e0b339a\" data-element_type=\"widget\" data-e-type=\"widget\" data-widget_type=\"image.default\">\n\t\t\t\t<div class=\"elementor-widget-container\">\n\t\t\t\t\t\t\t\t\t\t\t\t\t\t\t<img decoding=\"async\" width=\"886\" height=\"363\" src=\"https:\/\/sos-lipoedema.pl\/wp-content\/uploads\/2023\/10\/Zrzut-ekranu-2023-10-26-124618.png\" class=\"attachment-large size-large wp-image-2960\" alt=\"\" srcset=\"https:\/\/sos-lipoedema.pl\/wp-content\/uploads\/2023\/10\/Zrzut-ekranu-2023-10-26-124618.png 886w, https:\/\/sos-lipoedema.pl\/wp-content\/uploads\/2023\/10\/Zrzut-ekranu-2023-10-26-124618-300x123.png 300w, https:\/\/sos-lipoedema.pl\/wp-content\/uploads\/2023\/10\/Zrzut-ekranu-2023-10-26-124618-768x315.png 768w\" sizes=\"(max-width: 886px) 100vw, 886px\" \/>\t\t\t\t\t\t\t\t\t\t\t\t\t\t\t<\/div>\n\t\t\t\t<\/div>\n\t\t\t\t<div class=\"elementor-element elementor-element-59a7888 elementor-widget elementor-widget-image\" data-id=\"59a7888\" data-element_type=\"widget\" data-e-type=\"widget\" data-widget_type=\"image.default\">\n\t\t\t\t<div class=\"elementor-widget-container\">\n\t\t\t\t\t\t\t\t\t\t\t\t\t\t\t<img decoding=\"async\" width=\"432\" height=\"441\" src=\"https:\/\/sos-lipoedema.pl\/wp-content\/uploads\/2023\/10\/Zrzut-ekranu-2023-10-26-124721.png\" class=\"attachment-large size-large wp-image-2961\" alt=\"\" srcset=\"https:\/\/sos-lipoedema.pl\/wp-content\/uploads\/2023\/10\/Zrzut-ekranu-2023-10-26-124721.png 432w, https:\/\/sos-lipoedema.pl\/wp-content\/uploads\/2023\/10\/Zrzut-ekranu-2023-10-26-124721-294x300.png 294w\" sizes=\"(max-width: 432px) 100vw, 432px\" \/>\t\t\t\t\t\t\t\t\t\t\t\t\t\t\t<\/div>\n\t\t\t\t<\/div>\n\t\t\t\t\t<\/div>\n\t\t<\/div>\n\t\t\t\t\t<\/div>\n\t\t<\/section>\n\t\t\t\t<section class=\"elementor-section elementor-top-section elementor-element elementor-element-2fcfa20 elementor-section-boxed elementor-section-height-default elementor-section-height-default\" data-id=\"2fcfa20\" data-element_type=\"section\" data-e-type=\"section\">\n\t\t\t\t\t\t<div class=\"elementor-container elementor-column-gap-default\">\n\t\t\t\t\t<div class=\"elementor-column elementor-col-100 elementor-top-column elementor-element elementor-element-18d42fc\" data-id=\"18d42fc\" data-element_type=\"column\" data-e-type=\"column\">\n\t\t\t<div class=\"elementor-widget-wrap elementor-element-populated\">\n\t\t\t\t\t\t<div class=\"elementor-element elementor-element-58068e8 elementor-widget elementor-widget-text-editor\" data-id=\"58068e8\" data-element_type=\"widget\" data-e-type=\"widget\" data-widget_type=\"text-editor.default\">\n\t\t\t\t<div class=\"elementor-widget-container\">\n\t\t\t\t\t\t\t\t\t<p><span id=\"docs-internal-guid-7536bb3a-7fff-1805-4bc8-6a7165b0bd75\"><\/span><\/p><p dir=\"ltr\" style=\"line-height:1.38;margin-top:0pt;margin-bottom:0pt;\"><span style=\"font-size:11pt;font-family:Arial,sans-serif;color:#000000;background-color:transparent;font-weight:700;font-style:normal;font-variant:normal;text-decoration:none;vertical-align:baseline;white-space:pre;white-space:pre-wrap;\">JAKIE BY\u0141Y OCZEKIWANIA<\/span><\/p>\t\t\t\t\t\t\t\t<\/div>\n\t\t\t\t<\/div>\n\t\t\t\t\t<\/div>\n\t\t<\/div>\n\t\t\t\t\t<\/div>\n\t\t<\/section>\n\t\t\t\t<section class=\"elementor-section elementor-top-section elementor-element elementor-element-208bd35 elementor-section-boxed elementor-section-height-default elementor-section-height-default\" data-id=\"208bd35\" data-element_type=\"section\" data-e-type=\"section\">\n\t\t\t\t\t\t<div class=\"elementor-container elementor-column-gap-default\">\n\t\t\t\t\t<div class=\"elementor-column elementor-col-100 elementor-top-column elementor-element elementor-element-7a3cdb1\" data-id=\"7a3cdb1\" data-element_type=\"column\" data-e-type=\"column\">\n\t\t\t<div class=\"elementor-widget-wrap elementor-element-populated\">\n\t\t\t\t\t\t<div class=\"elementor-element elementor-element-f58b1c7 elementor-widget elementor-widget-text-editor\" data-id=\"f58b1c7\" data-element_type=\"widget\" data-e-type=\"widget\" data-widget_type=\"text-editor.default\">\n\t\t\t\t<div class=\"elementor-widget-container\">\n\t\t\t\t\t\t\t\t\t<p><em><span style=\"font-weight: 400;\">W wywiadzie wpisa\u0142am, \u017ce oczekuj\u0119: \u201cPomocy w zdiagnozowaniu problemu oraz u\u0142o\u017ceniu planu \u017cywieniowego wraz ze wskaz\u00f3wkami, jak go wdro\u017cy\u0107. Bardzo zale\u017cy mi te\u017c na u\u0142o\u017ceniu w miar\u0119 prostej, \u0142atwej do wdro\u017cenia diety. Mam okresy lu\u017aniejszej pracy z domu, ale przeplataj\u0105 si\u0119 one z bardzo intensywnymi dniami kiedy dbanie o siebie staje si\u0119 wyzwaniem i wskaz\u00f3wki jak zadba\u0107 o dietoterapi\u0119 np. jedz\u0105c co\u015b w restauracji by\u0142yby niezwykle cenne. Chcia\u0142abym czerpa\u0107 z diety, kt\u00f3ra b\u0119dzie dla mnie korzystna pod wzgl\u0119dem fizycznym i psychicznym, z ch\u0119ci\u0105 zrezygnuj\u0119 ze wskazanych sk\u0142adnik\u00f3w, ale nie chc\u0119 rezygnowa\u0107 z realizacji plan\u00f3w.; Wsparcia w tej ekscytuj\u0105cej podr\u00f3\u017cy :))\u201d.\u00a0<\/span><\/em><\/p><p><em><span style=\"font-weight: 400;\">Ale pami\u0119tam, \u017ce czu\u0142am wewn\u0119trznie, \u017ce co\u015b jest nie tak i potrzebuj\u0119 kompleksowej pomocy w zdiagnozowaniu problemu. Najbardziej zale\u017ca\u0142o mi na pomocy w wyr\u00f3wnaniu stanu energii w ci\u0105gu dnia i wyj\u015bcia z poczucia ci\u0105g\u0142ego ospania i zm\u0119czenia. Czu\u0142am, \u017ce jestem m\u0142od\u0105 osob\u0105 w bardzo zm\u0119czonym i obola\u0142ym ciele, a diety pude\u0142kowe, wszelkie modne \u201cdetoksy\u201d, zwi\u0119kszenie aktywno\u015bci przynosi\u0142y odwrotny efekt i obawia\u0142am si\u0119, \u017ce sama tej karuzeli nie zatrzymam :).\u00a0<\/span><\/em><\/p>\t\t\t\t\t\t\t\t<\/div>\n\t\t\t\t<\/div>\n\t\t\t\t\t<\/div>\n\t\t<\/div>\n\t\t\t\t\t<\/div>\n\t\t<\/section>\n\t\t\t\t<section class=\"elementor-section elementor-top-section elementor-element elementor-element-2156b7c elementor-section-boxed elementor-section-height-default elementor-section-height-default\" data-id=\"2156b7c\" data-element_type=\"section\" data-e-type=\"section\">\n\t\t\t\t\t\t<div class=\"elementor-container elementor-column-gap-default\">\n\t\t\t\t\t<div class=\"elementor-column elementor-col-100 elementor-top-column elementor-element elementor-element-b925217\" data-id=\"b925217\" data-element_type=\"column\" data-e-type=\"column\">\n\t\t\t<div class=\"elementor-widget-wrap elementor-element-populated\">\n\t\t\t\t\t\t<div class=\"elementor-element elementor-element-d506333 elementor-widget elementor-widget-text-editor\" data-id=\"d506333\" data-element_type=\"widget\" data-e-type=\"widget\" data-widget_type=\"text-editor.default\">\n\t\t\t\t<div class=\"elementor-widget-container\">\n\t\t\t\t\t\t\t\t\t<p><b>JAK D\u0141UGO TRWA\u0141A(TRWA) WSP\u00d3\u0141PRACA<\/b><\/p>\t\t\t\t\t\t\t\t<\/div>\n\t\t\t\t<\/div>\n\t\t\t\t\t<\/div>\n\t\t<\/div>\n\t\t\t\t\t<\/div>\n\t\t<\/section>\n\t\t\t\t<section class=\"elementor-section elementor-top-section elementor-element elementor-element-ac448bc elementor-section-boxed elementor-section-height-default elementor-section-height-default\" data-id=\"ac448bc\" data-element_type=\"section\" data-e-type=\"section\">\n\t\t\t\t\t\t<div class=\"elementor-container elementor-column-gap-default\">\n\t\t\t\t\t<div class=\"elementor-column elementor-col-100 elementor-top-column elementor-element elementor-element-c2d065e\" data-id=\"c2d065e\" data-element_type=\"column\" data-e-type=\"column\">\n\t\t\t<div class=\"elementor-widget-wrap elementor-element-populated\">\n\t\t\t\t\t\t<div class=\"elementor-element elementor-element-d3f9f83 elementor-widget elementor-widget-text-editor\" data-id=\"d3f9f83\" data-element_type=\"widget\" data-e-type=\"widget\" data-widget_type=\"text-editor.default\">\n\t\t\t\t<div class=\"elementor-widget-container\">\n\t\t\t\t\t\t\t\t\t<p><em><span style=\"font-weight: 400;\">Zg\u0142osi\u0142am si\u0119 we wrze\u015bniu 2021 i od razu zabra\u0142y\u015bmy si\u0119 za diagnostyk\u0119, wsp\u00f3\u0142prac\u0119 stricte dietetyczn\u0105 rozpocz\u0119\u0142y\u015bmy na prze\u0142omie pa\u017adziernika-listopada 2021.\u00a0<\/span><\/em><\/p><p><b>ETAPY (tu mo\u017cna wymieni\u0107 diet\u0119 zbilansowan\u0105 po wykrycie sibo i low fodmap,)<\/b><\/p><ul><li style=\"font-weight: 400;\" aria-level=\"1\"><em><span style=\"font-weight: 400;\">pierwszy etap &#8211; diagnostyka og\u00f3lna i zaadresowanie insulinooporno\u015bci i obrz\u0119k\u00f3w<\/span><\/em><\/li><li style=\"font-weight: 400;\" aria-level=\"1\"><em><span style=\"font-weight: 400;\">drugi etap &#8211; sibo<\/span><\/em><\/li><li style=\"font-weight: 400;\" aria-level=\"1\"><em><span style=\"font-weight: 400;\">low fodmap<\/span><\/em><\/li><li style=\"font-weight: 400;\" aria-level=\"1\"><em><span style=\"font-weight: 400;\">rozszerzanie low fodmap\u00a0<\/span><\/em><\/li><\/ul><p><b>EFEKTY<\/b><\/p><p><em><span style=\"font-weight: 400;\">najwa\u017cniejsze &#8211; zmiana energii w ci\u0105gu dnia, mog\u0119 przej\u015b\u0107 ca\u0142y dzie\u0144 aktywnie, bez zasypiania po posi\u0142ku czy budz\u0105c si\u0119 ju\u017c zm\u0119czona :D\u00a0\u00a0<\/span><\/em><\/p><p><em><span style=\"font-weight: 400;\">diagnoza problemu i zaadresowanie &#8211; poprawa stanu jelit, poprawa wch\u0142aniania, zmniejszenie tkanki t\u0142uszczowej na udach, kt\u00f3ra by\u0142a oporna na jakiekolwiek wcze\u015bniejsze diety i \u0107wiczenia; poprawa struktury sk\u00f3ry na ramionach i udach<\/span><span style=\"font-weight: 400;\"><br \/><\/span><span style=\"font-weight: 400;\">nauka zdrowych nawyk\u00f3w od\u017cywiania, wiem ju\u017c jak poradzi\u0107 sobie nawet kiedy mam nag\u0142y wyjazd\u00a0<\/span><\/em><\/p><p><em><span style=\"font-weight: 400;\">waga 63-4 kg na utrzymuj\u0105c\u0105 si\u0119 ju\u017c sta\u0142\u0105 ok. 50-51 kg\u00a0<\/span><\/em><\/p><p><b>OPINIA<\/b><\/p><p><em><span style=\"font-weight: 400;\">S\u0142owa nie s\u0105 w stanie wyrazi\u0107, jak wielk\u0105 wdzi\u0119czno\u015b\u0107 mam w stosunku do pani Magdy. Wcze\u015bniej wszystkie moje objawy by\u0142y traktowane osobno i czu\u0142am si\u0119 winna, \u017ce nic na mnie nie dzia\u0142a, ba\u0142am si\u0119, \u017ce to wszystko b\u0119dzie post\u0119powa\u0107. Pani Magda po\u0142\u0105czy\u0142a wszystkie kropki w ca\u0142o\u015b\u0107 i holistycznie zaopiekowa\u0142a si\u0119 mn\u0105 i moimi jelitami :) Zaproponowa\u0142a badania i specjalist\u00f3w, kt\u00f3rzy postawili diagnoz\u0119. Jako\u015b\u0107 mojego \u017cycia zmieni\u0142a si\u0119 diametralnie. Nie mo\u017cna si\u0119 zmierzy\u0107 z problemem, je\u015bli nie znamy jego pod\u0142o\u017ca. Dzi\u0119ki pani Magdzie zyska\u0142am wiedz\u0119 i sprawczo\u015b\u0107. Przy tym, ogromna wra\u017cliwo\u015b\u0107 i wyczucie pani Magdy by\u0142y nieocenione. Funkcjonowanie w fatfobicznej kulturze diet i znajdowanie, co nowych rad czy detoks\u00f3w, kiedy wi\u0119kszo\u015b\u0107 z nich nie dzia\u0142a na nas bywa trudne. Od pocz\u0105tku czu\u0142am si\u0119 potraktowana powa\u017cnie, profesjonalnie i z du\u017c\u0105 empati\u0105. Ci\u0105g\u0142a nauka wci\u0105\u017c przede mn\u0105, ale indywidualne podej\u015bcie i dopasowanie jad\u0142ospis\u00f3w w 100% do mnie, mojego trybu \u017cycia i wybor\u00f3w \u017cywieniowych, zdecydowanie pomog\u0142o. DZI\u0118KUJ\u0118 \u2764\ufe0f.\u00a0<\/span><\/em><\/p>\t\t\t\t\t\t\t\t<\/div>\n\t\t\t\t<\/div>\n\t\t\t\t\t<\/div>\n\t\t<\/div>\n\t\t\t\t\t<\/div>\n\t\t<\/section>\n\t\t\t\t<section class=\"elementor-section elementor-top-section elementor-element elementor-element-f256344 elementor-section-boxed elementor-section-height-default elementor-section-height-default\" data-id=\"f256344\" data-element_type=\"section\" data-e-type=\"section\">\n\t\t\t\t\t\t<div class=\"elementor-container elementor-column-gap-default\">\n\t\t\t\t\t<div class=\"elementor-column elementor-col-100 elementor-top-column elementor-element elementor-element-fd69053\" data-id=\"fd69053\" data-element_type=\"column\" data-e-type=\"column\">\n\t\t\t<div class=\"elementor-widget-wrap elementor-element-populated\">\n\t\t\t\t\t\t<div class=\"elementor-element elementor-element-dec72d9 elementor-widget elementor-widget-image\" data-id=\"dec72d9\" data-element_type=\"widget\" data-e-type=\"widget\" data-widget_type=\"image.default\">\n\t\t\t\t<div class=\"elementor-widget-container\">\n\t\t\t\t\t\t\t\t\t\t\t\t\t\t\t<img loading=\"lazy\" decoding=\"async\" width=\"768\" height=\"507\" src=\"https:\/\/sos-lipoedema.pl\/wp-content\/uploads\/2023\/10\/Rola-dietoterapii-w-obrzeku-lipidowym-1-768x507.png\" class=\"attachment-medium_large size-medium_large wp-image-2963\" alt=\"\" srcset=\"https:\/\/sos-lipoedema.pl\/wp-content\/uploads\/2023\/10\/Rola-dietoterapii-w-obrzeku-lipidowym-1-768x507.png 768w, https:\/\/sos-lipoedema.pl\/wp-content\/uploads\/2023\/10\/Rola-dietoterapii-w-obrzeku-lipidowym-1-300x198.png 300w, https:\/\/sos-lipoedema.pl\/wp-content\/uploads\/2023\/10\/Rola-dietoterapii-w-obrzeku-lipidowym-1.png 1000w\" sizes=\"(max-width: 768px) 100vw, 768px\" \/>\t\t\t\t\t\t\t\t\t\t\t\t\t\t\t<\/div>\n\t\t\t\t<\/div>\n\t\t\t\t\t<\/div>\n\t\t<\/div>\n\t\t\t\t\t<\/div>\n\t\t<\/section>\n\t\t\t\t<section class=\"elementor-section elementor-top-section elementor-element elementor-element-1ccd777 elementor-section-boxed elementor-section-height-default elementor-section-height-default\" data-id=\"1ccd777\" data-element_type=\"section\" data-e-type=\"section\">\n\t\t\t\t\t\t<div class=\"elementor-container elementor-column-gap-default\">\n\t\t\t\t\t<div class=\"elementor-column elementor-col-100 elementor-top-column elementor-element elementor-element-837bfb3\" data-id=\"837bfb3\" data-element_type=\"column\" data-e-type=\"column\">\n\t\t\t<div class=\"elementor-widget-wrap elementor-element-populated\">\n\t\t\t\t\t\t<div class=\"elementor-element elementor-element-cb11388 elementor-widget elementor-widget-text-editor\" data-id=\"cb11388\" data-element_type=\"widget\" data-e-type=\"widget\" data-widget_type=\"text-editor.default\">\n\t\t\t\t<div class=\"elementor-widget-container\">\n\t\t\t\t\t\t\t\t\t<p><b>KOMENTARZ KO\u0143COWY<\/b><\/p>\t\t\t\t\t\t\t\t<\/div>\n\t\t\t\t<\/div>\n\t\t\t\t\t<\/div>\n\t\t<\/div>\n\t\t\t\t\t<\/div>\n\t\t<\/section>\n\t\t\t\t<section class=\"elementor-section elementor-top-section elementor-element elementor-element-ab72e6c elementor-section-boxed elementor-section-height-default elementor-section-height-default\" data-id=\"ab72e6c\" data-element_type=\"section\" data-e-type=\"section\">\n\t\t\t\t\t\t<div class=\"elementor-container elementor-column-gap-default\">\n\t\t\t\t\t<div class=\"elementor-column elementor-col-100 elementor-top-column elementor-element elementor-element-114be61\" data-id=\"114be61\" data-element_type=\"column\" data-e-type=\"column\">\n\t\t\t<div class=\"elementor-widget-wrap elementor-element-populated\">\n\t\t\t\t\t\t<div class=\"elementor-element elementor-element-73c6304 elementor-widget elementor-widget-text-editor\" data-id=\"73c6304\" data-element_type=\"widget\" data-e-type=\"widget\" data-widget_type=\"text-editor.default\">\n\t\t\t\t<div class=\"elementor-widget-container\">\n\t\t\t\t\t\t\t\t\t<p>Nasza wsp\u00f3\u0142praca trwa do dzi\u015b (ponad 2 lata &#8211; spokojnie, spadek masy cia\u0142a trwa\u0142 znacznie kr\u00f3cej). Pacjentka korzysta z konsultacji kontrolnych w odst\u0119pach co 4 lub 8 tygodni. Z istotniejszych informacji \u2013 Pani Matylda jest wegetariank\u0105, wi\u0119c nasze dietoterapie s\u0105 r\u00f3wnie\u017c dostosowane do jej indywidualnych przekona\u0144 oraz preferencji. Niestety, w wyniku stresu \u017cyciowego nast\u0105pi\u0142 nawr\u00f3t objaw\u00f3w SIBO i pacjentka aktualnie przechodzi kolejn\u0105 terapi\u0119 farmakologiczn\u0105, mimo tego dzielnie walczymy dalej, nie cofaj\u0105c si\u0119 wstecz a jej jad\u0142ospisy s\u0105 od dawna na etapie \u201eca\u0142kowitego rozszerzenia produkt\u00f3w\u201d.<\/p><p>D\u0142uga wsp\u00f3\u0142praca wynika nie z samej konieczno\u015bci, a z faktu, \u017ce zawsze jestem dost\u0119pna dla moich podopiecznych, tak d\u0142ugo, jak d\u0142ugo mnie potrzebuj\u0105 \ud83d\ude0a.<\/p><p>Je\u017celi widzisz w historii Matyldy wiele podobie\u0144stw do swojej sytuacji, to wiem, jak mog\u0119 Ci pom\u00f3c. Specjalnie dla kobiet takich jak Ty przygotowa\u0142am gotowe jad\u0142ospisy, kt\u00f3re pomog\u0105 Ci osi\u0105gn\u0105\u0107 wymarzone cele i poprawi\u0107 stan zdrowia. Zaufa\u0142y mi ju\u017c tysi\u0105ce kobiet, a wsp\u00f3lnie zgubi\u0142y\u015bmy kilka ton kilogram\u00f3w! Je\u015bli te\u017c chcia\u0142aby\u015b zawalczy\u0107 o siebie, zostawiam Ci tutaj link do gotowego jad\u0142ospisu, kt\u00f3ry pomo\u017ce Ci to osi\u0105gn\u0105\u0107:<\/p><p><blockquote class=\"wp-embedded-content\" data-secret=\"0vhEqUnjSr\"><a href=\"https:\/\/magdalenajerzak.pl\/index.php\/produkt\/jadlospis-28-dniowy-niskoweglowodanowy-srodziemnomorski-dla-kobiet-z-lipoedema\/\">Jad\u00c5\u201aospis 28-dniowy niskow\u00c4\u2122glowodanowy, \u00c5\u203ar\u00c3\u00b3dziemnomorski dla kobiet z lipoedem\u00c4\u2026<\/a><\/blockquote><iframe class=\"wp-embedded-content\" sandbox=\"allow-scripts\" security=\"restricted\" style=\"position: absolute; visibility: hidden;\" title=\"&#8222;Jad\u00c5\u201aospis 28-dniowy niskow\u00c4\u2122glowodanowy, \u00c5\u203ar\u00c3\u00b3dziemnomorski dla kobiet z lipoedem\u00c4\u2026&#8221; &#8212; Magdalena Jerzak\" src=\"https:\/\/magdalenajerzak.pl\/index.php\/produkt\/jadlospis-28-dniowy-niskoweglowodanowy-srodziemnomorski-dla-kobiet-z-lipoedema\/embed\/#?secret=LbPnY2nsqn#?secret=0vhEqUnjSr\" data-secret=\"0vhEqUnjSr\" width=\"600\" height=\"338\" frameborder=\"0\" marginwidth=\"0\" marginheight=\"0\" scrolling=\"no\"><\/iframe><\/p>\t\t\t\t\t\t\t\t<\/div>\n\t\t\t\t<\/div>\n\t\t\t\t\t<\/div>\n\t\t<\/div>\n\t\t\t\t\t<\/div>\n\t\t<\/section>\n\t\t\t\t<section class=\"elementor-section elementor-top-section elementor-element elementor-element-a731105 elementor-section-boxed elementor-section-height-default elementor-section-height-default\" data-id=\"a731105\" data-element_type=\"section\" data-e-type=\"section\">\n\t\t\t\t\t\t<div class=\"elementor-container elementor-column-gap-default\">\n\t\t\t\t\t<div class=\"elementor-column elementor-col-100 elementor-top-column elementor-element elementor-element-146f6f0\" data-id=\"146f6f0\" data-element_type=\"column\" data-e-type=\"column\">\n\t\t\t<div class=\"elementor-widget-wrap elementor-element-populated\">\n\t\t\t\t\t\t<section class=\"elementor-section elementor-inner-section elementor-element elementor-element-71258b1 elementor-section-boxed elementor-section-height-default elementor-section-height-default\" data-id=\"71258b1\" data-element_type=\"section\" data-e-type=\"section\">\n\t\t\t\t\t\t<div class=\"elementor-container elementor-column-gap-default\">\n\t\t\t\t\t<div class=\"elementor-column elementor-col-50 elementor-inner-column elementor-element elementor-element-f0eba8d\" data-id=\"f0eba8d\" data-element_type=\"column\" data-e-type=\"column\">\n\t\t\t<div class=\"elementor-widget-wrap elementor-element-populated\">\n\t\t\t\t\t\t<div class=\"elementor-element elementor-element-4f74823 elementor-widget elementor-widget-image\" data-id=\"4f74823\" data-element_type=\"widget\" data-e-type=\"widget\" data-widget_type=\"image.default\">\n\t\t\t\t<div class=\"elementor-widget-container\">\n\t\t\t\t\t\t\t\t\t\t\t\t\t\t\t<img loading=\"lazy\" decoding=\"async\" width=\"1024\" height=\"576\" src=\"https:\/\/sos-lipoedema.pl\/wp-content\/uploads\/2022\/05\/Projekt-bez-tytulu-2-1024x576.png\" class=\"attachment-large size-large wp-image-2582\" alt=\"\" srcset=\"https:\/\/sos-lipoedema.pl\/wp-content\/uploads\/2022\/05\/Projekt-bez-tytulu-2-1024x576.png 1024w, https:\/\/sos-lipoedema.pl\/wp-content\/uploads\/2022\/05\/Projekt-bez-tytulu-2-300x169.png 300w, https:\/\/sos-lipoedema.pl\/wp-content\/uploads\/2022\/05\/Projekt-bez-tytulu-2-768x432.png 768w, https:\/\/sos-lipoedema.pl\/wp-content\/uploads\/2022\/05\/Projekt-bez-tytulu-2-1536x864.png 1536w, https:\/\/sos-lipoedema.pl\/wp-content\/uploads\/2022\/05\/Projekt-bez-tytulu-2-1140x641.png 1140w, https:\/\/sos-lipoedema.pl\/wp-content\/uploads\/2022\/05\/Projekt-bez-tytulu-2.png 1920w\" sizes=\"(max-width: 1024px) 100vw, 1024px\" \/>\t\t\t\t\t\t\t\t\t\t\t\t\t\t\t<\/div>\n\t\t\t\t<\/div>\n\t\t\t\t\t<\/div>\n\t\t<\/div>\n\t\t\t\t<div class=\"elementor-column elementor-col-50 elementor-inner-column elementor-element elementor-element-08b62f2\" data-id=\"08b62f2\" data-element_type=\"column\" data-e-type=\"column\">\n\t\t\t<div class=\"elementor-widget-wrap elementor-element-populated\">\n\t\t\t\t\t\t<div class=\"elementor-element elementor-element-277cae5 elementor-widget elementor-widget-text-editor\" data-id=\"277cae5\" data-element_type=\"widget\" data-e-type=\"widget\" data-widget_type=\"text-editor.default\">\n\t\t\t\t<div class=\"elementor-widget-container\">\n\t\t\t\t\t\t\t\t\t<p>\u00a0<\/p><p>mgr Magdalena Jerzak<\/p><p>dietetyk kliniczny<\/p><p>magdalena@sos-lipoedema.pl<\/p>\t\t\t\t\t\t\t\t<\/div>\n\t\t\t\t<\/div>\n\t\t\t\t\t<\/div>\n\t\t<\/div>\n\t\t\t\t\t<\/div>\n\t\t<\/section>\n\t\t\t\t\t<\/div>\n\t\t<\/div>\n\t\t\t\t\t<\/div>\n\t\t<\/section>\n\t\t\t\t<\/div>\n\t\t","protected":false},"excerpt":{"rendered":"<p>Pacjentki z obrz\u00c4\u2122kami to zazwyczaj \u00e2\u20ac\u017epacjentki wielochorobowe\u00e2\u20ac\u009d. Aby realnie wp\u00c5\u201ayn\u00c4\u2026\u00c4\u2021 na zmniejszenie opornego obrz\u00c4\u2122ku t\u00c5\u201auszczowego oraz powsta\u00c5\u201aych komponent limfatycznych musimy zadba\u00c4\u2021 o ca\u00c5\u201aokszta\u00c5\u201at zdrowia, przywr\u00c3\u00b3ci\u00c4\u2021 w organizmie r\u00c3\u00b3wnowag\u00c4\u2122 nie tylko hormonaln\u00c4\u2026. Dzi\u00c5\u203a mam dla Was histori\u00c4\u2122 jednej z Was \u00e2\u20ac\u201c Pani Matyldy, kt\u00c3\u00b3ra zg\u00c5\u201aosi\u00c5\u201aa si\u00c4\u2122 do mnie jesieni\u00c4\u2026 2 lata temu z problemem braku spadku masy cia\u00c5\u201aa mimo odchudzania oraz podejrzeniem celiakii. W trakcie naszej wsp\u00c3\u00b3\u00c5\u201apracy zdiagnozowano u niej: lipoedem\u00c4\u2122, hiperinsulinizm, SIBO.<\/p>\n","protected":false},"author":7,"featured_media":2968,"comment_status":"open","ping_status":"closed","sticky":false,"template":"","format":"standard","meta":{"footnotes":""},"categories":[1],"tags":[],"class_list":["post-2957","post","type-post","status-publish","format-standard","has-post-thumbnail","hentry","category-zaburzenia-hormonalne"],"blocksy_meta":[],"_links":{"self":[{"href":"https:\/\/sos-lipoedema.pl\/index.php?rest_route=\/wp\/v2\/posts\/2957","targetHints":{"allow":["GET"]}}],"collection":[{"href":"https:\/\/sos-lipoedema.pl\/index.php?rest_route=\/wp\/v2\/posts"}],"about":[{"href":"https:\/\/sos-lipoedema.pl\/index.php?rest_route=\/wp\/v2\/types\/post"}],"author":[{"embeddable":true,"href":"https:\/\/sos-lipoedema.pl\/index.php?rest_route=\/wp\/v2\/users\/7"}],"replies":[{"embeddable":true,"href":"https:\/\/sos-lipoedema.pl\/index.php?rest_route=%2Fwp%2Fv2%2Fcomments&post=2957"}],"version-history":[{"count":13,"href":"https:\/\/sos-lipoedema.pl\/index.php?rest_route=\/wp\/v2\/posts\/2957\/revisions"}],"predecessor-version":[{"id":3037,"href":"https:\/\/sos-lipoedema.pl\/index.php?rest_route=\/wp\/v2\/posts\/2957\/revisions\/3037"}],"wp:featuredmedia":[{"embeddable":true,"href":"https:\/\/sos-lipoedema.pl\/index.php?rest_route=\/wp\/v2\/media\/2968"}],"wp:attachment":[{"href":"https:\/\/sos-lipoedema.pl\/index.php?rest_route=%2Fwp%2Fv2%2Fmedia&parent=2957"}],"wp:term":[{"taxonomy":"category","embeddable":true,"href":"https:\/\/sos-lipoedema.pl\/index.php?rest_route=%2Fwp%2Fv2%2Fcategories&post=2957"},{"taxonomy":"post_tag","embeddable":true,"href":"https:\/\/sos-lipoedema.pl\/index.php?rest_route=%2Fwp%2Fv2%2Ftags&post=2957"}],"curies":[{"name":"wp","href":"https:\/\/api.w.org\/{rel}","templated":true}]}}